{"id":1258,"date":"2023-07-13T19:45:39","date_gmt":"2023-07-13T19:45:39","guid":{"rendered":"https:\/\/federicotoledo.com\/?p=1258"},"modified":"2023-07-13T21:00:11","modified_gmt":"2023-07-13T21:00:11","slug":"dismorfia-corporal-y-redes-sociales","status":"publish","type":"post","link":"https:\/\/federicotoledo.com\/index.php\/2023\/07\/13\/dismorfia-corporal-y-redes-sociales\/","title":{"rendered":"Dismorfia corporal y redes sociales"},"content":{"rendered":"\t\t<div data-elementor-type=\"wp-post\" data-elementor-id=\"1258\" class=\"elementor elementor-1258\">\n\t\t\t\t\t\t<section class=\"elementor-section elementor-top-section elementor-element elementor-element-84fba77 elementor-section-full_width elementor-section-height-default elementor-section-height-default\" data-id=\"84fba77\" data-element_type=\"section\" data-e-type=\"section\">\n\t\t\t\t\t\t\t<div class=\"elementor-background-overlay\"><\/div>\n\t\t\t\t\t\t\t<div class=\"elementor-container elementor-column-gap-no\">\n\t\t\t\t\t<div class=\"elementor-column elementor-col-100 elementor-top-column elementor-element elementor-element-1185e02\" data-id=\"1185e02\" data-element_type=\"column\" data-e-type=\"column\">\n\t\t\t<div class=\"elementor-widget-wrap elementor-element-populated\">\n\t\t\t\t\t\t<div class=\"elementor-element elementor-element-9680b80 elementor-widget elementor-widget-image\" data-id=\"9680b80\" data-element_type=\"widget\" data-e-type=\"widget\" data-widget_type=\"image.default\">\n\t\t\t\t<div class=\"elementor-widget-container\">\n\t\t\t\t\t\t\t\t\t\t\t\t\t\t\t<img fetchpriority=\"high\" decoding=\"async\" width=\"1348\" height=\"323\" src=\"https:\/\/federicotoledo.com\/wp-content\/uploads\/2023\/07\/header_ft-1.jpg\" class=\"attachment-full size-full wp-image-403\" alt=\"\" srcset=\"https:\/\/federicotoledo.com\/wp-content\/uploads\/2023\/07\/header_ft-1.jpg 1348w, https:\/\/federicotoledo.com\/wp-content\/uploads\/2023\/07\/header_ft-1-300x72.jpg 300w, https:\/\/federicotoledo.com\/wp-content\/uploads\/2023\/07\/header_ft-1-1024x245.jpg 1024w, https:\/\/federicotoledo.com\/wp-content\/uploads\/2023\/07\/header_ft-1-768x184.jpg 768w\" sizes=\"(max-width: 1348px) 100vw, 1348px\" \/>\t\t\t\t\t\t\t\t\t\t\t\t\t\t\t<\/div>\n\t\t\t\t<\/div>\n\t\t\t\t\t<\/div>\n\t\t<\/div>\n\t\t\t\t\t<\/div>\n\t\t<\/section>\n\t\t\t\t<section class=\"elementor-section elementor-top-section elementor-element elementor-element-4dd9765 elementor-section-content-middle elementor-reverse-mobile elementor-section-boxed elementor-section-height-default elementor-section-height-default\" data-id=\"4dd9765\" data-element_type=\"section\" data-e-type=\"section\" data-settings=\"{&quot;background_background&quot;:&quot;classic&quot;}\">\n\t\t\t\t\t\t<div class=\"elementor-container elementor-column-gap-no\">\n\t\t\t\t\t<div class=\"elementor-column elementor-col-100 elementor-top-column elementor-element elementor-element-12004db\" data-id=\"12004db\" data-element_type=\"column\" data-e-type=\"column\">\n\t\t\t<div class=\"elementor-widget-wrap elementor-element-populated\">\n\t\t\t\t\t\t<div class=\"elementor-element elementor-element-dc6bb50 elementor-invisible elementor-widget elementor-widget-heading\" data-id=\"dc6bb50\" data-element_type=\"widget\" data-e-type=\"widget\" data-settings=\"{&quot;_animation&quot;:&quot;fadeInUp&quot;}\" data-widget_type=\"heading.default\">\n\t\t\t\t<div class=\"elementor-widget-container\">\n\t\t\t\t\t<h4 class=\"elementor-heading-title elementor-size-default\">Dismorfia corporal y redes sociales<\/h4>\t\t\t\t<\/div>\n\t\t\t\t<\/div>\n\t\t\t\t\t<\/div>\n\t\t<\/div>\n\t\t\t\t\t<\/div>\n\t\t<\/section>\n\t\t\t\t<section class=\"elementor-section elementor-top-section elementor-element elementor-element-c6ff628 elementor-section-boxed elementor-section-height-default elementor-section-height-default\" data-id=\"c6ff628\" data-element_type=\"section\" data-e-type=\"section\">\n\t\t\t\t\t\t<div class=\"elementor-container elementor-column-gap-default\">\n\t\t\t\t\t<div class=\"elementor-column elementor-col-100 elementor-top-column elementor-element elementor-element-d1f833d\" data-id=\"d1f833d\" data-element_type=\"column\" data-e-type=\"column\">\n\t\t\t<div class=\"elementor-widget-wrap elementor-element-populated\">\n\t\t\t\t\t\t<div class=\"elementor-element elementor-element-764e1d2 elementor-position-left elementor-vertical-align-top elementor-widget elementor-widget-image-box\" data-id=\"764e1d2\" data-element_type=\"widget\" data-e-type=\"widget\" data-widget_type=\"image-box.default\">\n\t\t\t\t<div class=\"elementor-widget-container\">\n\t\t\t\t\t<div class=\"elementor-image-box-wrapper\"><figure class=\"elementor-image-box-img\"><img decoding=\"async\" width=\"450\" height=\"256\" src=\"https:\/\/federicotoledo.com\/wp-content\/uploads\/2023\/07\/psiconetwork_dismorfia-2.jpg\" class=\"attachment-full size-full wp-image-476\" alt=\"\" srcset=\"https:\/\/federicotoledo.com\/wp-content\/uploads\/2023\/07\/psiconetwork_dismorfia-2.jpg 450w, https:\/\/federicotoledo.com\/wp-content\/uploads\/2023\/07\/psiconetwork_dismorfia-2-300x171.jpg 300w\" sizes=\"(max-width: 450px) 100vw, 450px\" \/><\/figure><div class=\"elementor-image-box-content\"><h3 class=\"elementor-image-box-title\">Baja autoestima en la era digital<\/h3><p class=\"elementor-image-box-description\">TIK TOK, INSTAGRAM Y TANTAS OTRAS. El uso de redes sociales se ha expandido en los \u00faltimos a\u00f1os, integr\u00e1ndose a la rutina diaria de todos, principalmente en los m\u00e1s j\u00f3venes.<\/p><\/div><\/div>\t\t\t\t<\/div>\n\t\t\t\t<\/div>\n\t\t\t\t\t<\/div>\n\t\t<\/div>\n\t\t\t\t\t<\/div>\n\t\t<\/section>\n\t\t\t\t<section class=\"elementor-section elementor-top-section elementor-element elementor-element-b921c96 elementor-section-boxed elementor-section-height-default elementor-section-height-default\" data-id=\"b921c96\" data-element_type=\"section\" data-e-type=\"section\">\n\t\t\t\t\t\t<div class=\"elementor-container elementor-column-gap-default\">\n\t\t\t\t\t<div class=\"elementor-column elementor-col-100 elementor-top-column elementor-element elementor-element-29f5b67\" data-id=\"29f5b67\" data-element_type=\"column\" data-e-type=\"column\">\n\t\t\t<div class=\"elementor-widget-wrap elementor-element-populated\">\n\t\t\t\t\t\t<div class=\"elementor-element elementor-element-9c1c082 elementor-widget elementor-widget-text-editor\" data-id=\"9c1c082\" data-element_type=\"widget\" data-e-type=\"widget\" data-widget_type=\"text-editor.default\">\n\t\t\t\t<div class=\"elementor-widget-container\">\n\t\t\t\t\t\t\t\t\t<p class=\"has-text-align-justify\">Un gran dilema para los padres es el desconocimiento frente a los peligros existentes en cuanto al acceso a estos espacios.<\/p><p class=\"has-text-align-justify\">Si bien estas plataformas se han internalizado como una forma de interactuar con otros, tambi\u00e9n puede producir un impacto negativo en aquellos que no reciban el acompa\u00f1amiento adecuado.\u00a0 Ya sea por falta de inter\u00e9s o desconocimiento de los tutores cercanos.<\/p><p class=\"has-text-align-justify\">Un estudio reciente publicado en el\u00a0<em>Journal of Eating Disorders<\/em>, llevado a cabo por\u00a0<em>Fardouly<\/em>\u00a0encontr\u00f3 una correlaci\u00f3n entre el uso prolongado de las redes sociales y la aparici\u00f3n de trastornos alimenticios en adolescentes. El estudio mostr\u00f3 que aquellos adolescentes que pasaban m\u00e1s de dos horas al d\u00eda en las redes sociales ten\u00edan un mayor riesgo de desarrollar trastornos tales como la anorexia, la bulimia y el trastorno por atrac\u00f3n.<\/p><p class=\"has-text-align-justify\">La b\u00fasqueda y construcci\u00f3n de la identidad se encuentra influenciada por la presi\u00f3n social y est\u00e1ndares de belleza poco realistas, promovidos por las redes sociales que pueden condicionar las expresiones espont\u00e1neas por temor al rechazo. Incluso la comparaci\u00f3n y falta de likes o seguidores puede ser vivenciado como una percepci\u00f3n negativa en cuanto a la propia corporalidad. La presi\u00f3n por el pertenecer puede manifestarse a trav\u00e9s de una obsesi\u00f3n con el peso y la comida.<\/p><p class=\"has-text-align-justify\">Desde las neurociencias, la dismorfia corporal puede entenderse como una disfunci\u00f3n en la percepci\u00f3n de la imagen que se relaciona con procesos neurol\u00f3gicos complejos. Algunos estudios sugieren que esta afecci\u00f3n se debe a un desequilibrio en la actividad de ciertas regiones del cerebro, como la corteza prefrontal, la \u00ednsula y la am\u00edgdala.<\/p><p class=\"has-text-align-justify\">Estas regiones est\u00e1n involucradas en procesos de atenci\u00f3n, emociones y percepci\u00f3n sensorial, lo que indica que la dismorfia podr\u00eda ser una condici\u00f3n multifactorial. En algunos casos, tambi\u00e9n se ha relacionado con factores gen\u00e9ticos y ambientales, as\u00ed como con experiencias traum\u00e1ticas o de rechazo social.<\/p><p class=\"has-text-align-justify\">Tomando en este caso a las redes sociales como un factor ambiental, el problema no es la inclusi\u00f3n tecnol\u00f3gica, sino la falta de psicoeducaci\u00f3n en la implementaci\u00f3n de los nuevos espacios: principalmente en poblaciones mayormente vulnerables.<\/p><p class=\"has-text-align-justify\">Los familiares y adultos ocupan un rol central en el acompa\u00f1amiento responsable y consciente, incluso los educadores: desde la inclusi\u00f3n del pensamiento cr\u00edtico en el forzamiento de la imagen corporal positiva y resistencia frente a la presi\u00f3n social de est\u00e1ndares idealizados.<\/p><p class=\"has-text-align-justify\">Seg\u00fan Cash y Smolak, la aparici\u00f3n de trastornos alimenticios en los adolescentes tambi\u00e9n puede estar relacionados con otros factores como la baja autoestima, la ansiedad y la depresi\u00f3n. Estos problemas pueden ser exacerbados por el uso de las redes sociales, ya que los j\u00f3venes pueden sentirse aislados o inadecuados en comparaci\u00f3n con sus amigos virtuales.<\/p><p class=\"has-text-align-justify\">Aquellos que promovemos que se incorporen tem\u00e1ticas asociadas a la inclusi\u00f3n saludable de nuevas tecnolog\u00edas, nunca nos cansaremos de ser cr\u00edticos frente a los avances estrepitosos de las redes sociales.<\/p><p class=\"has-text-align-justify\">Son los j\u00f3venes los que hoy requieren ser capacitados en material de salud mental y plataformas. Ello dar\u00e1 lugar a futuras generaciones con mayor empat\u00eda y predisposici\u00f3n a la aceptaci\u00f3n de la diversidad: dentro y fuera de los espacios digitales. Asimismo, es clave un acercamiento desde la psicolog\u00eda que no solo contemple una aproximaci\u00f3n cl\u00ednica tradicional, sino una intervenci\u00f3n y an\u00e1lisis desde la neurociencia; la comprensi\u00f3n de las injerencias del sistema nervioso en la producci\u00f3n y regulaci\u00f3n de emociones; y el abordaje integral de estas patolog\u00edas en la b\u00fasqueda de tratamientos mayormente efectivos, no s\u00f3lo desde lo fisiol\u00f3gico sino desde sus entramados psicol\u00f3gicos.<\/p><h5>FEDERICO TOLEDO<br \/>Publicado en Revista Psico Network\u00a0<\/h5>\t\t\t\t\t\t\t\t<\/div>\n\t\t\t\t<\/div>\n\t\t\t\t\t<\/div>\n\t\t<\/div>\n\t\t\t\t\t<\/div>\n\t\t<\/section>\n\t\t\t\t<section class=\"elementor-section elementor-top-section elementor-element elementor-element-65f1654 elementor-section-boxed elementor-section-height-default elementor-section-height-default\" data-id=\"65f1654\" data-element_type=\"section\" data-e-type=\"section\">\n\t\t\t\t\t\t<div class=\"elementor-container elementor-column-gap-default\">\n\t\t\t\t\t<div class=\"elementor-column elementor-col-100 elementor-top-column elementor-element elementor-element-8efc3a4\" data-id=\"8efc3a4\" data-element_type=\"column\" data-e-type=\"column\">\n\t\t\t<div class=\"elementor-widget-wrap elementor-element-populated\">\n\t\t\t\t\t\t<div class=\"elementor-element elementor-element-68638f0 elementor-widget elementor-widget-spacer\" data-id=\"68638f0\" data-element_type=\"widget\" data-e-type=\"widget\" data-widget_type=\"spacer.default\">\n\t\t\t\t<div class=\"elementor-widget-container\">\n\t\t\t\t\t\t\t<div class=\"elementor-spacer\">\n\t\t\t<div class=\"elementor-spacer-inner\"><\/div>\n\t\t<\/div>\n\t\t\t\t\t\t<\/div>\n\t\t\t\t<\/div>\n\t\t\t\t\t<\/div>\n\t\t<\/div>\n\t\t\t\t\t<\/div>\n\t\t<\/section>\n\t\t\t\t<section class=\"elementor-section elementor-top-section elementor-element elementor-element-bb8d71d elementor-section-height-min-height elementor-section-boxed elementor-section-height-default elementor-section-items-middle\" data-id=\"bb8d71d\" data-element_type=\"section\" data-e-type=\"section\">\n\t\t\t\t\t\t\t<div class=\"elementor-background-overlay\"><\/div>\n\t\t\t\t\t\t\t<div class=\"elementor-container elementor-column-gap-default\">\n\t\t\t\t\t<div class=\"elementor-column elementor-col-50 elementor-top-column elementor-element elementor-element-3a4907f\" data-id=\"3a4907f\" data-element_type=\"column\" data-e-type=\"column\">\n\t\t\t<div class=\"elementor-widget-wrap elementor-element-populated\">\n\t\t\t\t\t\t<div class=\"elementor-element elementor-element-43b3a38 elementor-widget elementor-widget-text-editor\" data-id=\"43b3a38\" data-element_type=\"widget\" data-e-type=\"widget\" data-widget_type=\"text-editor.default\">\n\t\t\t\t<div class=\"elementor-widget-container\">\n\t\t\t\t\t\t\t\t\t<p>federicotoledo.com &#8211; Todos los derechos reservados 2023<\/p>\t\t\t\t\t\t\t\t<\/div>\n\t\t\t\t<\/div>\n\t\t\t\t\t<\/div>\n\t\t<\/div>\n\t\t\t\t<div class=\"elementor-column elementor-col-50 elementor-top-column elementor-element elementor-element-7aa2520\" data-id=\"7aa2520\" data-element_type=\"column\" data-e-type=\"column\">\n\t\t\t<div class=\"elementor-widget-wrap elementor-element-populated\">\n\t\t\t\t\t\t<div class=\"elementor-element elementor-element-fcfdfd8 elementor-shape-circle e-grid-align-right elementor-grid-0 elementor-widget elementor-widget-social-icons\" data-id=\"fcfdfd8\" data-element_type=\"widget\" data-e-type=\"widget\" data-widget_type=\"social-icons.default\">\n\t\t\t\t<div class=\"elementor-widget-container\">\n\t\t\t\t\t\t\t<div class=\"elementor-social-icons-wrapper elementor-grid\" role=\"list\">\n\t\t\t\t\t\t\t<span class=\"elementor-grid-item\" role=\"listitem\">\n\t\t\t\t\t<a class=\"elementor-icon elementor-social-icon elementor-social-icon-facebook elementor-repeater-item-7e5da79\" href=\"https:\/\/www.facebook.com\/licfedericotoledo\" target=\"_blank\">\n\t\t\t\t\t\t<span class=\"elementor-screen-only\">Facebook<\/span>\n\t\t\t\t\t\t<i aria-hidden=\"true\" class=\"fab fa-facebook\"><\/i>\t\t\t\t\t<\/a>\n\t\t\t\t<\/span>\n\t\t\t\t\t\t\t<span class=\"elementor-grid-item\" role=\"listitem\">\n\t\t\t\t\t<a class=\"elementor-icon elementor-social-icon elementor-social-icon-twitter elementor-repeater-item-20d3a97\" href=\"https:\/\/twitter.com\/i\/flow\/login?redirect_after_login=%2Ftoledofedepsico\" target=\"_blank\">\n\t\t\t\t\t\t<span class=\"elementor-screen-only\">Twitter<\/span>\n\t\t\t\t\t\t<i aria-hidden=\"true\" class=\"fab fa-twitter\"><\/i>\t\t\t\t\t<\/a>\n\t\t\t\t<\/span>\n\t\t\t\t\t\t\t<span class=\"elementor-grid-item\" role=\"listitem\">\n\t\t\t\t\t<a class=\"elementor-icon elementor-social-icon elementor-social-icon-instagram elementor-repeater-item-894943a\" href=\"https:\/\/www.instagram.com\/licfedericotoledo\/?hl=es\" target=\"_blank\">\n\t\t\t\t\t\t<span class=\"elementor-screen-only\">Instagram<\/span>\n\t\t\t\t\t\t<i aria-hidden=\"true\" class=\"fab fa-instagram\"><\/i>\t\t\t\t\t<\/a>\n\t\t\t\t<\/span>\n\t\t\t\t\t\t\t<span class=\"elementor-grid-item\" role=\"listitem\">\n\t\t\t\t\t<a class=\"elementor-icon elementor-social-icon elementor-social-icon-linkedin elementor-repeater-item-234ec82\" href=\"https:\/\/www.linkedin.com\/in\/pensardiferente\/?original_referer=https%3A%2F%2Ffedericotoledo.com%2F\" target=\"_blank\">\n\t\t\t\t\t\t<span class=\"elementor-screen-only\">Linkedin<\/span>\n\t\t\t\t\t\t<i aria-hidden=\"true\" class=\"fab fa-linkedin\"><\/i>\t\t\t\t\t<\/a>\n\t\t\t\t<\/span>\n\t\t\t\t\t\t\t<span class=\"elementor-grid-item\" role=\"listitem\">\n\t\t\t\t\t<a class=\"elementor-icon elementor-social-icon elementor-social-icon-tiktok elementor-repeater-item-99561b9\" href=\"https:\/\/www.tiktok.com\/@licfedericotoledo\" target=\"_blank\">\n\t\t\t\t\t\t<span class=\"elementor-screen-only\">Tiktok<\/span>\n\t\t\t\t\t\t<i aria-hidden=\"true\" class=\"fab fa-tiktok\"><\/i>\t\t\t\t\t<\/a>\n\t\t\t\t<\/span>\n\t\t\t\t\t<\/div>\n\t\t\t\t\t\t<\/div>\n\t\t\t\t<\/div>\n\t\t\t\t\t<\/div>\n\t\t<\/div>\n\t\t\t\t\t<\/div>\n\t\t<\/section>\n\t\t\t\t<\/div>\n\t\t","protected":false},"excerpt":{"rendered":"<p>Dismorfia corporal y redes sociales Baja autoestima en la era digital TIK TOK, INSTAGRAM Y TANTAS OTRAS. El uso de redes sociales se ha expandido en los \u00faltimos a\u00f1os, integr\u00e1ndose a la rutina diaria de todos, principalmente en los m\u00e1s j\u00f3venes. Un gran dilema para los padres es el desconocimiento frente a los peligros existentes&hellip;&nbsp;<a href=\"https:\/\/federicotoledo.com\/index.php\/2023\/07\/13\/dismorfia-corporal-y-redes-sociales\/\" rel=\"bookmark\">Leer m\u00e1s &raquo;<span class=\"screen-reader-text\">Dismorfia corporal y redes sociales<\/span><\/a><\/p>\n","protected":false},"author":1,"featured_media":476,"comment_status":"open","ping_status":"open","sticky":false,"template":"","format":"standard","meta":{"om_disable_all_campaigns":false,"_monsterinsights_skip_tracking":false,"_monsterinsights_sitenote_active":false,"_monsterinsights_sitenote_note":"","_monsterinsights_sitenote_category":0,"neve_meta_sidebar":"","neve_meta_container":"","neve_meta_enable_content_width":"","neve_meta_content_width":0,"neve_meta_title_alignment":"","neve_meta_author_avatar":"","neve_post_elements_order":"","neve_meta_disable_header":"","neve_meta_disable_footer":"","neve_meta_disable_title":"","footnotes":""},"categories":[1],"tags":[],"class_list":["post-1258","post","type-post","status-publish","format-standard","has-post-thumbnail","hentry","category-bienestardigital"],"_links":{"self":[{"href":"https:\/\/federicotoledo.com\/index.php\/wp-json\/wp\/v2\/posts\/1258","targetHints":{"allow":["GET"]}}],"collection":[{"href":"https:\/\/federicotoledo.com\/index.php\/wp-json\/wp\/v2\/posts"}],"about":[{"href":"https:\/\/federicotoledo.com\/index.php\/wp-json\/wp\/v2\/types\/post"}],"author":[{"embeddable":true,"href":"https:\/\/federicotoledo.com\/index.php\/wp-json\/wp\/v2\/users\/1"}],"replies":[{"embeddable":true,"href":"https:\/\/federicotoledo.com\/index.php\/wp-json\/wp\/v2\/comments?post=1258"}],"version-history":[{"count":14,"href":"https:\/\/federicotoledo.com\/index.php\/wp-json\/wp\/v2\/posts\/1258\/revisions"}],"predecessor-version":[{"id":1339,"href":"https:\/\/federicotoledo.com\/index.php\/wp-json\/wp\/v2\/posts\/1258\/revisions\/1339"}],"wp:featuredmedia":[{"embeddable":true,"href":"https:\/\/federicotoledo.com\/index.php\/wp-json\/wp\/v2\/media\/476"}],"wp:attachment":[{"href":"https:\/\/federicotoledo.com\/index.php\/wp-json\/wp\/v2\/media?parent=1258"}],"wp:term":[{"taxonomy":"category","embeddable":true,"href":"https:\/\/federicotoledo.com\/index.php\/wp-json\/wp\/v2\/categories?post=1258"},{"taxonomy":"post_tag","embeddable":true,"href":"https:\/\/federicotoledo.com\/index.php\/wp-json\/wp\/v2\/tags?post=1258"}],"curies":[{"name":"wp","href":"https:\/\/api.w.org\/{rel}","templated":true}]}}